{"id":94,"date":"2020-01-31T15:05:48","date_gmt":"2020-01-31T15:05:48","guid":{"rendered":"https:\/\/pritlaxcala.org.mx\/?p=94"},"modified":"2020-01-31T15:05:48","modified_gmt":"2020-01-31T15:05:48","slug":"cedula-de-notificacion-por-estrados-y-el-citatorio-para-convocar-a-sesion-extraordinaria-del-consejo-politico-estatal","status":"publish","type":"post","link":"https:\/\/pritlaxcala.org.mx\/wp1\/2020\/01\/31\/cedula-de-notificacion-por-estrados-y-el-citatorio-para-convocar-a-sesion-extraordinaria-del-consejo-politico-estatal\/","title":{"rendered":"C\u00e9dula de notificaci\u00f3n por estrados y el Citatorio para convocar a Sesi\u00f3n Extraordinaria del Consejo Pol\u00edtico Estatal"},"content":{"rendered":"\n<p>Publicaci\u00f3n de la C\u00e9dula de notificaci\u00f3n por estrados y el Citatorio para convocar a Sesi\u00f3n Extraordinaria del Consejo Pol\u00edtico Estatal.<\/p>\n\n\n\n<figure class=\"wp-block-image size-large\"><img decoding=\"async\" src=\"https:\/\/pritlaxcala.org.mx\/wp1\/wp-content\/uploads\/2020\/01\/Captura-de-pantalla-2020-01-31-08.52.29.png\" alt=\"\" class=\"wp-image-95\"\/><\/figure>\n\n\n\n<p>Convocatoria a la sesi\u00f3n extraordinaria del Consejo pol\u00edtico estatal para el d\u00eda 1 de febrero de 2020 a las nueve horas en el auditorio sal\u00f3n Tlaxcala en avenida Tlahuicole n\u00famero 240 colonia Adolfo L\u00f3pez Mateos en Tlaxcala de Xicoht\u00e9ncatl<\/p>\n\n\n\n<p><a href=\"https:\/\/pritlaxcala.org.mx\/wp1\/public_html\/descargas\/CEDULA-Y-CITATORIO-CPE-2020.pdf\">Descargar<\/a><\/p>\n","protected":false},"excerpt":{"rendered":"<p>Publicaci\u00f3n de la C\u00e9dula de notificaci\u00f3n por estrados y el Citatorio para convocar a Sesi\u00f3n Extraordinaria del Consejo Pol\u00edtico Estatal. Convocatoria a la sesi\u00f3n extraordinaria del Consejo pol\u00edtico estatal para el d\u00eda 1 de febrero de 2020 a las nueve horas en el auditorio sal\u00f3n Tlaxcala en avenida Tlahuicole n\u00famero 240 colonia Adolfo L\u00f3pez Mateos &hellip; <\/p>\n<p class=\"link-more\"><a href=\"https:\/\/pritlaxcala.org.mx\/wp1\/2020\/01\/31\/cedula-de-notificacion-por-estrados-y-el-citatorio-para-convocar-a-sesion-extraordinaria-del-consejo-politico-estatal\/\" class=\"more-link\">Read more<span class=\"screen-reader-text\"> &#8220;C\u00e9dula de notificaci\u00f3n por estrados y el Citatorio para convocar a Sesi\u00f3n Extraordinaria del Consejo Pol\u00edtico Estatal&#8221;<\/span><\/a><\/p>\n","protected":false},"author":1,"featured_media":95,"comment_status":"open","ping_status":"open","sticky":false,"template":"","format":"standard","meta":{"pagelayer_contact_templates":[],"_pagelayer_content":"","footnotes":""},"categories":[2,3],"tags":[],"class_list":["post-94","post","type-post","status-publish","format-standard","has-post-thumbnail","hentry","category-estrados","category-partido"],"featured_media_urls":[],"_links":{"self":[{"href":"https:\/\/pritlaxcala.org.mx\/wp1\/wp-json\/wp\/v2\/posts\/94","targetHints":{"allow":["GET"]}}],"collection":[{"href":"https:\/\/pritlaxcala.org.mx\/wp1\/wp-json\/wp\/v2\/posts"}],"about":[{"href":"https:\/\/pritlaxcala.org.mx\/wp1\/wp-json\/wp\/v2\/types\/post"}],"author":[{"embeddable":true,"href":"https:\/\/pritlaxcala.org.mx\/wp1\/wp-json\/wp\/v2\/users\/1"}],"replies":[{"embeddable":true,"href":"https:\/\/pritlaxcala.org.mx\/wp1\/wp-json\/wp\/v2\/comments?post=94"}],"version-history":[{"count":0,"href":"https:\/\/pritlaxcala.org.mx\/wp1\/wp-json\/wp\/v2\/posts\/94\/revisions"}],"wp:featuredmedia":[{"embeddable":true,"href":"https:\/\/pritlaxcala.org.mx\/wp1\/wp-json\/"}],"wp:attachment":[{"href":"https:\/\/pritlaxcala.org.mx\/wp1\/wp-json\/wp\/v2\/media?parent=94"}],"wp:term":[{"taxonomy":"category","embeddable":true,"href":"https:\/\/pritlaxcala.org.mx\/wp1\/wp-json\/wp\/v2\/categories?post=94"},{"taxonomy":"post_tag","embeddable":true,"href":"https:\/\/pritlaxcala.org.mx\/wp1\/wp-json\/wp\/v2\/tags?post=94"}],"curies":[{"name":"wp","href":"https:\/\/api.w.org\/{rel}","templated":true}]}}