{"id":640,"date":"2024-03-30T18:24:17","date_gmt":"2024-03-30T18:24:17","guid":{"rendered":"https:\/\/pritlaxcala.org.mx\/?p=640"},"modified":"2024-03-30T18:24:17","modified_gmt":"2024-03-30T18:24:17","slug":"formatos-presidencia-de-comunidad-militantes","status":"publish","type":"post","link":"https:\/\/pritlaxcala.org.mx\/wp1\/2024\/03\/30\/formatos-presidencia-de-comunidad-militantes\/","title":{"rendered":"Formatos Presidencia de Comunidad Militantes"},"content":{"rendered":"\n<div data-wp-interactive=\"core\/file\" class=\"wp-block-file\"><object data-wp-bind--hidden=\"!state.hasPdfPreview\" hidden class=\"wp-block-file__embed\" data=\"https:\/\/pritlaxcala.org.mx\/wp1\/wp-content\/uploads\/2024\/03\/14.-F-1_SOLICITUD-DE-REGISTRO-A-LA-CANDIDATURA-P.-COMUNIDAD.pdf\" type=\"application\/pdf\" style=\"width:100%;height:600px\" aria-label=\"Embed of 14. F-1_SOLICITUD DE REGISTRO A LA CANDIDATURA P. COMUNIDAD.\"><\/object><a id=\"wp-block-file--media-fec02f46-d31a-46c2-9d55-5f1c7183cd61\" href=\"https:\/\/pritlaxcala.org.mx\/wp1\/wp-content\/uploads\/2024\/03\/14.-F-1_SOLICITUD-DE-REGISTRO-A-LA-CANDIDATURA-P.-COMUNIDAD.pdf\">14. F-1_SOLICITUD DE REGISTRO A LA CANDIDATURA P. COMUNIDAD<\/a><a href=\"https:\/\/pritlaxcala.org.mx\/wp1\/wp-content\/uploads\/2024\/03\/14.-F-1_SOLICITUD-DE-REGISTRO-A-LA-CANDIDATURA-P.-COMUNIDAD.pdf\" class=\"wp-block-file__button wp-element-button\" download aria-describedby=\"wp-block-file--media-fec02f46-d31a-46c2-9d55-5f1c7183cd61\">Descarga<\/a><\/div>\n\n\n\n<div data-wp-interactive=\"core\/file\" class=\"wp-block-file\"><object data-wp-bind--hidden=\"!state.hasPdfPreview\" hidden class=\"wp-block-file__embed\" data=\"https:\/\/pritlaxcala.org.mx\/wp1\/wp-content\/uploads\/2024\/03\/15.-F-2_DECLARACION-BAJO-PROTESTA-DE-DECIR-VERDAD-P.-COMUNIDAD-1.pdf\" type=\"application\/pdf\" style=\"width:100%;height:600px\" aria-label=\"Embed of 15.-F-2_DECLARACION-BAJO-PROTESTA-DE-DECIR-VERDAD-P.-COMUNIDAD-1.\"><\/object><a id=\"wp-block-file--media-a65d8224-08b7-47bc-a2b9-04d5ae39092e\" href=\"https:\/\/pritlaxcala.org.mx\/wp1\/wp-content\/uploads\/2024\/03\/15.-F-2_DECLARACION-BAJO-PROTESTA-DE-DECIR-VERDAD-P.-COMUNIDAD-1.pdf\">15.-F-2_DECLARACION-BAJO-PROTESTA-DE-DECIR-VERDAD-P.-COMUNIDAD-1<\/a><a href=\"https:\/\/pritlaxcala.org.mx\/wp1\/wp-content\/uploads\/2024\/03\/15.-F-2_DECLARACION-BAJO-PROTESTA-DE-DECIR-VERDAD-P.-COMUNIDAD-1.pdf\" class=\"wp-block-file__button wp-element-button\" download aria-describedby=\"wp-block-file--media-a65d8224-08b7-47bc-a2b9-04d5ae39092e\">Descarga<\/a><\/div>\n\n\n\n<div data-wp-interactive=\"core\/file\" class=\"wp-block-file\"><object data-wp-bind--hidden=\"!state.hasPdfPreview\" hidden class=\"wp-block-file__embed\" data=\"https:\/\/pritlaxcala.org.mx\/wp1\/wp-content\/uploads\/2024\/03\/16.-F-3_CARTA-COMPROMISO-ACEPTACION-DE-LA-CANDIDATURA-P.-COMUNIDAD.pdf\" type=\"application\/pdf\" style=\"width:100%;height:600px\" aria-label=\"Embed of 16. F-3_CARTA COMPROMISO ACEPTACI\u00d3N DE LA CANDIDATURA P. COMUNIDAD.\"><\/object><a id=\"wp-block-file--media-0db3da32-4aa8-44d8-ac0c-6fb271956bf8\" href=\"https:\/\/pritlaxcala.org.mx\/wp1\/wp-content\/uploads\/2024\/03\/16.-F-3_CARTA-COMPROMISO-ACEPTACION-DE-LA-CANDIDATURA-P.-COMUNIDAD.pdf\">16. F-3_CARTA COMPROMISO ACEPTACI\u00d3N DE LA CANDIDATURA P. COMUNIDAD<\/a><a href=\"https:\/\/pritlaxcala.org.mx\/wp1\/wp-content\/uploads\/2024\/03\/16.-F-3_CARTA-COMPROMISO-ACEPTACION-DE-LA-CANDIDATURA-P.-COMUNIDAD.pdf\" class=\"wp-block-file__button wp-element-button\" download aria-describedby=\"wp-block-file--media-0db3da32-4aa8-44d8-ac0c-6fb271956bf8\">Descarga<\/a><\/div>\n\n\n\n<div data-wp-interactive=\"core\/file\" class=\"wp-block-file\"><object data-wp-bind--hidden=\"!state.hasPdfPreview\" hidden class=\"wp-block-file__embed\" data=\"https:\/\/pritlaxcala.org.mx\/wp1\/wp-content\/uploads\/2024\/03\/17.-F-4_CARTA-COMPROMISO-ACEPTACION-EXAMENES-CODIGO-DE-ETICA-P.-COMUNIDAD.pdf\" type=\"application\/pdf\" style=\"width:100%;height:600px\" aria-label=\"Embed of 17. F-4_CARTA COMPROMISO ACEPTACI\u00d3N EX\u00c1MENES C\u00d3DIGO DE \u00c9TICA P. COMUNIDAD.\"><\/object><a id=\"wp-block-file--media-b101ca37-9d2d-4e35-97c4-2c710f06754c\" href=\"https:\/\/pritlaxcala.org.mx\/wp1\/wp-content\/uploads\/2024\/03\/17.-F-4_CARTA-COMPROMISO-ACEPTACION-EXAMENES-CODIGO-DE-ETICA-P.-COMUNIDAD.pdf\">17. F-4_CARTA COMPROMISO ACEPTACI\u00d3N EX\u00c1MENES C\u00d3DIGO DE \u00c9TICA P. COMUNIDAD<\/a><a href=\"https:\/\/pritlaxcala.org.mx\/wp1\/wp-content\/uploads\/2024\/03\/17.-F-4_CARTA-COMPROMISO-ACEPTACION-EXAMENES-CODIGO-DE-ETICA-P.-COMUNIDAD.pdf\" class=\"wp-block-file__button wp-element-button\" download aria-describedby=\"wp-block-file--media-b101ca37-9d2d-4e35-97c4-2c710f06754c\">Descarga<\/a><\/div>\n\n\n\n<div data-wp-interactive=\"core\/file\" class=\"wp-block-file\"><object data-wp-bind--hidden=\"!state.hasPdfPreview\" hidden class=\"wp-block-file__embed\" data=\"https:\/\/pritlaxcala.org.mx\/wp1\/wp-content\/uploads\/2024\/03\/18.-F-5_DECLARACION-BAJO-PROTESTA-DE-DECIR-VERDAD_CUMPLIM.-REQUIS-P.-COMUNIDAD.pdf\" type=\"application\/pdf\" style=\"width:100%;height:600px\" aria-label=\"Embed of 18. F-5_DECLARACI\u00d3N BAJO PROTESTA DE DECIR VERDAD_CUMPLIM. REQUIS P. COMUNIDAD.\"><\/object><a id=\"wp-block-file--media-15cb36d2-e989-4773-a224-ae43377087ce\" href=\"https:\/\/pritlaxcala.org.mx\/wp1\/wp-content\/uploads\/2024\/03\/18.-F-5_DECLARACION-BAJO-PROTESTA-DE-DECIR-VERDAD_CUMPLIM.-REQUIS-P.-COMUNIDAD.pdf\">18. F-5_DECLARACI\u00d3N BAJO PROTESTA DE DECIR VERDAD_CUMPLIM. REQUIS P. COMUNIDAD<\/a><a href=\"https:\/\/pritlaxcala.org.mx\/wp1\/wp-content\/uploads\/2024\/03\/18.-F-5_DECLARACION-BAJO-PROTESTA-DE-DECIR-VERDAD_CUMPLIM.-REQUIS-P.-COMUNIDAD.pdf\" class=\"wp-block-file__button wp-element-button\" download aria-describedby=\"wp-block-file--media-15cb36d2-e989-4773-a224-ae43377087ce\">Descarga<\/a><\/div>\n\n\n\n<div data-wp-interactive=\"core\/file\" class=\"wp-block-file\"><object data-wp-bind--hidden=\"!state.hasPdfPreview\" hidden class=\"wp-block-file__embed\" data=\"https:\/\/pritlaxcala.org.mx\/wp1\/wp-content\/uploads\/2024\/03\/19.-F-6_APOYO-DE-CONSEJERAS-y-CONSEJEROS-POLITICOS-P.-COMUNIDAD.pdf\" type=\"application\/pdf\" style=\"width:100%;height:600px\" aria-label=\"Embed of 19. F-6_APOYO DE CONSEJERAS y CONSEJEROS POL\u00cdTICOS P. COMUNIDAD.\"><\/object><a id=\"wp-block-file--media-1f324258-7a95-4f71-9134-4a346d3ca8ea\" href=\"https:\/\/pritlaxcala.org.mx\/wp1\/wp-content\/uploads\/2024\/03\/19.-F-6_APOYO-DE-CONSEJERAS-y-CONSEJEROS-POLITICOS-P.-COMUNIDAD.pdf\">19. F-6_APOYO DE CONSEJERAS y CONSEJEROS POL\u00cdTICOS P. COMUNIDAD<\/a><a href=\"https:\/\/pritlaxcala.org.mx\/wp1\/wp-content\/uploads\/2024\/03\/19.-F-6_APOYO-DE-CONSEJERAS-y-CONSEJEROS-POLITICOS-P.-COMUNIDAD.pdf\" class=\"wp-block-file__button wp-element-button\" download aria-describedby=\"wp-block-file--media-1f324258-7a95-4f71-9134-4a346d3ca8ea\">Descarga<\/a><\/div>\n\n\n\n<div data-wp-interactive=\"core\/file\" class=\"wp-block-file\"><object data-wp-bind--hidden=\"!state.hasPdfPreview\" hidden class=\"wp-block-file__embed\" data=\"https:\/\/pritlaxcala.org.mx\/wp1\/wp-content\/uploads\/2024\/03\/20.-F-7_APOYO-DE-SECTORES-u-ORGANIZACIONES-P.-COMUNIDAD.pdf\" type=\"application\/pdf\" style=\"width:100%;height:600px\" aria-label=\"Embed of 20. F-7_APOYO DE SECTORES u ORGANIZACIONES P. COMUNIDAD.\"><\/object><a id=\"wp-block-file--media-28a0934b-2dc6-4e84-ad48-9c4ce840c9b3\" href=\"https:\/\/pritlaxcala.org.mx\/wp1\/wp-content\/uploads\/2024\/03\/20.-F-7_APOYO-DE-SECTORES-u-ORGANIZACIONES-P.-COMUNIDAD.pdf\">20. F-7_APOYO DE SECTORES u ORGANIZACIONES P. COMUNIDAD<\/a><a href=\"https:\/\/pritlaxcala.org.mx\/wp1\/wp-content\/uploads\/2024\/03\/20.-F-7_APOYO-DE-SECTORES-u-ORGANIZACIONES-P.-COMUNIDAD.pdf\" class=\"wp-block-file__button wp-element-button\" download aria-describedby=\"wp-block-file--media-28a0934b-2dc6-4e84-ad48-9c4ce840c9b3\">Descarga<\/a><\/div>\n\n\n\n<div data-wp-interactive=\"core\/file\" class=\"wp-block-file\"><object data-wp-bind--hidden=\"!state.hasPdfPreview\" hidden class=\"wp-block-file__embed\" data=\"https:\/\/pritlaxcala.org.mx\/wp1\/wp-content\/uploads\/2024\/03\/20.-F-7_APOYO-DE-SECTORES-u-ORGANIZACIONES-P.-COMUNIDAD.pdf\" type=\"application\/pdf\" style=\"width:100%;height:600px\" aria-label=\"Embed of 20. F-7_APOYO DE SECTORES u ORGANIZACIONES P. COMUNIDAD.\"><\/object><a id=\"wp-block-file--media-5f380b2b-0202-4265-8231-275cafa72983\" href=\"https:\/\/pritlaxcala.org.mx\/wp1\/wp-content\/uploads\/2024\/03\/20.-F-7_APOYO-DE-SECTORES-u-ORGANIZACIONES-P.-COMUNIDAD.pdf\">20. F-7_APOYO DE SECTORES u ORGANIZACIONES P. COMUNIDAD<\/a><a href=\"https:\/\/pritlaxcala.org.mx\/wp1\/wp-content\/uploads\/2024\/03\/20.-F-7_APOYO-DE-SECTORES-u-ORGANIZACIONES-P.-COMUNIDAD.pdf\" class=\"wp-block-file__button wp-element-button\" download aria-describedby=\"wp-block-file--media-5f380b2b-0202-4265-8231-275cafa72983\">Descarga<\/a><\/div>\n\n\n\n<div data-wp-interactive=\"core\/file\" class=\"wp-block-file\"><object data-wp-bind--hidden=\"!state.hasPdfPreview\" hidden class=\"wp-block-file__embed\" data=\"https:\/\/pritlaxcala.org.mx\/wp1\/wp-content\/uploads\/2024\/03\/21.-F-8_APOYO-DE-MILITANTES-P.-COMUNIDAD.pdf\" type=\"application\/pdf\" style=\"width:100%;height:600px\" aria-label=\"Embed of 21. F-8_APOYO DE MILITANTES P. COMUNIDAD.\"><\/object><a id=\"wp-block-file--media-1d9e8e44-9f4f-4aed-a7e0-2cccf5355c18\" href=\"https:\/\/pritlaxcala.org.mx\/wp1\/wp-content\/uploads\/2024\/03\/21.-F-8_APOYO-DE-MILITANTES-P.-COMUNIDAD.pdf\">21. F-8_APOYO DE MILITANTES P. COMUNIDAD<\/a><a href=\"https:\/\/pritlaxcala.org.mx\/wp1\/wp-content\/uploads\/2024\/03\/21.-F-8_APOYO-DE-MILITANTES-P.-COMUNIDAD.pdf\" class=\"wp-block-file__button wp-element-button\" download aria-describedby=\"wp-block-file--media-1d9e8e44-9f4f-4aed-a7e0-2cccf5355c18\">Descarga<\/a><\/div>\n\n\n\n<div data-wp-interactive=\"core\/file\" class=\"wp-block-file\"><object data-wp-bind--hidden=\"!state.hasPdfPreview\" hidden class=\"wp-block-file__embed\" data=\"https:\/\/pritlaxcala.org.mx\/wp1\/wp-content\/uploads\/2024\/03\/22.-F-9_CARTA-COMPROMISO-VIOLENCIA-FAMILIAR-Y-O-DOMESTICA-P.-COMUNIDAD.pdf\" type=\"application\/pdf\" style=\"width:100%;height:600px\" aria-label=\"Embed of 22. F-9_CARTA COMPROMISO VIOLENCIA FAMILIAR Y-O DOM\u00c9STICA P. COMUNIDAD.\"><\/object><a id=\"wp-block-file--media-7fb44380-aa15-481b-ba64-c19d070fa2bb\" href=\"https:\/\/pritlaxcala.org.mx\/wp1\/wp-content\/uploads\/2024\/03\/22.-F-9_CARTA-COMPROMISO-VIOLENCIA-FAMILIAR-Y-O-DOMESTICA-P.-COMUNIDAD.pdf\">22. F-9_CARTA COMPROMISO VIOLENCIA FAMILIAR Y-O DOM\u00c9STICA P. COMUNIDAD<\/a><a href=\"https:\/\/pritlaxcala.org.mx\/wp1\/wp-content\/uploads\/2024\/03\/22.-F-9_CARTA-COMPROMISO-VIOLENCIA-FAMILIAR-Y-O-DOMESTICA-P.-COMUNIDAD.pdf\" class=\"wp-block-file__button wp-element-button\" download aria-describedby=\"wp-block-file--media-7fb44380-aa15-481b-ba64-c19d070fa2bb\">Descarga<\/a><\/div>\n\n\n\n<div data-wp-interactive=\"core\/file\" class=\"wp-block-file\"><object data-wp-bind--hidden=\"!state.hasPdfPreview\" hidden class=\"wp-block-file__embed\" data=\"https:\/\/pritlaxcala.org.mx\/wp1\/wp-content\/uploads\/2024\/03\/23.-F-10_CARTA-COMPROMISO-DELITOS-SEXUALES-P.-COMUNIDAD.pdf\" type=\"application\/pdf\" style=\"width:100%;height:600px\" aria-label=\"Embed of 23. F-10_CARTA COMPROMISO DELITOS SEXUALES P. COMUNIDAD.\"><\/object><a id=\"wp-block-file--media-1c04ebaf-8ac4-48da-a822-b9e4eb1e7152\" href=\"https:\/\/pritlaxcala.org.mx\/wp1\/wp-content\/uploads\/2024\/03\/23.-F-10_CARTA-COMPROMISO-DELITOS-SEXUALES-P.-COMUNIDAD.pdf\">23. F-10_CARTA COMPROMISO DELITOS SEXUALES P. COMUNIDAD<\/a><a href=\"https:\/\/pritlaxcala.org.mx\/wp1\/wp-content\/uploads\/2024\/03\/23.-F-10_CARTA-COMPROMISO-DELITOS-SEXUALES-P.-COMUNIDAD.pdf\" class=\"wp-block-file__button wp-element-button\" download aria-describedby=\"wp-block-file--media-1c04ebaf-8ac4-48da-a822-b9e4eb1e7152\">Descarga<\/a><\/div>\n\n\n\n<div data-wp-interactive=\"core\/file\" class=\"wp-block-file\"><object data-wp-bind--hidden=\"!state.hasPdfPreview\" hidden class=\"wp-block-file__embed\" data=\"https:\/\/pritlaxcala.org.mx\/wp1\/wp-content\/uploads\/2024\/03\/24.-F-11_CARTA-COMPROMISO-DEUDORES-ALIMENTARIOS-P.-COMUNIDAD.pdf\" type=\"application\/pdf\" style=\"width:100%;height:600px\" aria-label=\"Embed of 24. F-11_CARTA COMPROMISO DEUDORES ALIMENTARIOS P. COMUNIDAD.\"><\/object><a id=\"wp-block-file--media-85cd75c6-5903-4eca-868a-359e8f30d20e\" href=\"https:\/\/pritlaxcala.org.mx\/wp1\/wp-content\/uploads\/2024\/03\/24.-F-11_CARTA-COMPROMISO-DEUDORES-ALIMENTARIOS-P.-COMUNIDAD.pdf\">24. F-11_CARTA COMPROMISO DEUDORES ALIMENTARIOS P. COMUNIDAD<\/a><a href=\"https:\/\/pritlaxcala.org.mx\/wp1\/wp-content\/uploads\/2024\/03\/24.-F-11_CARTA-COMPROMISO-DEUDORES-ALIMENTARIOS-P.-COMUNIDAD.pdf\" class=\"wp-block-file__button wp-element-button\" download aria-describedby=\"wp-block-file--media-85cd75c6-5903-4eca-868a-359e8f30d20e\">Descarga<\/a><\/div>\n\n\n\n<div data-wp-interactive=\"core\/file\" class=\"wp-block-file\"><object data-wp-bind--hidden=\"!state.hasPdfPreview\" hidden class=\"wp-block-file__embed\" data=\"https:\/\/pritlaxcala.org.mx\/wp1\/wp-content\/uploads\/2024\/03\/25.-COORDINADORES-NACIONALES-SECTORES-y-ORGANIZACIONES-P.-COMUNIDAD.pdf\" type=\"application\/pdf\" style=\"width:100%;height:600px\" aria-label=\"Embed of 25. COORDINADORES NACIONALES SECTORES y ORGANIZACIONES P. COMUNIDAD.\"><\/object><a id=\"wp-block-file--media-614256d1-a819-42bd-98df-23c4c8cf55b4\" href=\"https:\/\/pritlaxcala.org.mx\/wp1\/wp-content\/uploads\/2024\/03\/25.-COORDINADORES-NACIONALES-SECTORES-y-ORGANIZACIONES-P.-COMUNIDAD.pdf\">25. COORDINADORES NACIONALES SECTORES y ORGANIZACIONES P. COMUNIDAD<\/a><a href=\"https:\/\/pritlaxcala.org.mx\/wp1\/wp-content\/uploads\/2024\/03\/25.-COORDINADORES-NACIONALES-SECTORES-y-ORGANIZACIONES-P.-COMUNIDAD.pdf\" class=\"wp-block-file__button wp-element-button\" download aria-describedby=\"wp-block-file--media-614256d1-a819-42bd-98df-23c4c8cf55b4\">Descarga<\/a><\/div>\n","protected":false},"excerpt":{"rendered":"","protected":false},"author":1,"featured_media":592,"comment_status":"closed","ping_status":"closed","sticky":false,"template":"","format":"standard","meta":{"pagelayer_contact_templates":[],"_pagelayer_content":"","footnotes":""},"categories":[2],"tags":[],"class_list":["post-640","post","type-post","status-publish","format-standard","has-post-thumbnail","hentry","category-estrados"],"featured_media_urls":[],"_links":{"self":[{"href":"https:\/\/pritlaxcala.org.mx\/wp1\/wp-json\/wp\/v2\/posts\/640","targetHints":{"allow":["GET"]}}],"collection":[{"href":"https:\/\/pritlaxcala.org.mx\/wp1\/wp-json\/wp\/v2\/posts"}],"about":[{"href":"https:\/\/pritlaxcala.org.mx\/wp1\/wp-json\/wp\/v2\/types\/post"}],"author":[{"embeddable":true,"href":"https:\/\/pritlaxcala.org.mx\/wp1\/wp-json\/wp\/v2\/users\/1"}],"replies":[{"embeddable":true,"href":"https:\/\/pritlaxcala.org.mx\/wp1\/wp-json\/wp\/v2\/comments?post=640"}],"version-history":[{"count":0,"href":"https:\/\/pritlaxcala.org.mx\/wp1\/wp-json\/wp\/v2\/posts\/640\/revisions"}],"wp:featuredmedia":[{"embeddable":true,"href":"https:\/\/pritlaxcala.org.mx\/wp1\/wp-json\/"}],"wp:attachment":[{"href":"https:\/\/pritlaxcala.org.mx\/wp1\/wp-json\/wp\/v2\/media?parent=640"}],"wp:term":[{"taxonomy":"category","embeddable":true,"href":"https:\/\/pritlaxcala.org.mx\/wp1\/wp-json\/wp\/v2\/categories?post=640"},{"taxonomy":"post_tag","embeddable":true,"href":"https:\/\/pritlaxcala.org.mx\/wp1\/wp-json\/wp\/v2\/tags?post=640"}],"curies":[{"name":"wp","href":"https:\/\/api.w.org\/{rel}","templated":true}]}}